{"id":1204,"global_id":"monika-rosenberger.de?id=1204","global_id_lineage":["monika-rosenberger.de?id=1204"],"author":"2","status":"publish","date":"2025-03-25 15:46:18","date_utc":"2025-03-25 14:46:18","modified":"2025-03-25 16:15:34","modified_utc":"2025-03-25 15:15:34","url":"https:\/\/monika-rosenberger.de\/?tribe_events=75-jahre-ibc-ueber-den-see","rest_url":"https:\/\/monika-rosenberger.de\/index.php?rest_route=\/tribe\/events\/v1\/events\/1204","title":"75 Jahre IBC  &#8222;\u00dcBER DEN SEE&#8220;","description":"<p>Jubil\u00e4umsausstellung St\u00e4dtische Galerie Fauler Pelz \u00dcberlingen<\/p>\n\n\n<div  class=\"tribe-events-schedule tribe-clearfix\" >\n\t<p class=\"tribe-events-schedule__datetime\">\n\t\t<span class=\"tribe-events-schedule__date tribe-events-schedule__date--start\">\n\t\t\t\t\t<\/span>\n\n\t\t\t\t\t<span class=\"tribe-events-schedule__separator tribe-events-schedule__separator--date\">\n\t\t\t\t um \t\t\t<\/span>\n\t\t\t<span class=\"tribe-events-schedule__time tribe-events-schedule__time--start\">\n\t\t\t\t\t\t\t<\/span>\n\t\t\n\t\t\t<\/p>\n<\/div>\n\n\n\n<p>Die Jubil\u00e4umsausstellung &#8222;\u00dcber den See&#8220; pr\u00e4sentiert eine Auswahl zeitgen\u00f6ssischer k\u00fcnstlerischer Positionen aus der 3-L\u00e4nder-Region D,A,CH und w\u00fcrdigt 75 Jahre Internationaler Bodensee-Club e.V. <\/p>\n\n\n\n<p><strong>Vernissage<\/strong>: Freitag, 11.04.2025 um 19 Uhr<\/p>\n\n\n<div  class=\"tribe-block tribe-block__event-price\" >\n\t\t<\/div>\n\n\n\n\n<div  class=\"tribe-block tribe-block__venue tribe-clearfix\" >\n\t\n\t\t\n\t<\/div>\n\n\n\n\n\t<div  class=\"tribe-block tribe-block__events-link\" >\n\t\t<div class=\"tribe-events tribe-common\">\n\t\t\t<div class=\"tribe-events-c-subscribe-dropdown__container\">\n\t\t\t\t<div class=\"tribe-events-c-subscribe-dropdown\">\n\t\t\t\t\t<div class=\"tribe-common-c-btn-border tribe-events-c-subscribe-dropdown__button\">\n\t\t\t\t\t\t<svg\n\t class=\"tribe-common-c-svgicon tribe-common-c-svgicon--cal-export tribe-events-c-subscribe-dropdown__export-icon\" \taria-hidden=\"true\"\n\tviewBox=\"0 0 23 17\"\n\txmlns=\"http:\/\/www.w3.org\/2000\/svg\"\n>\n\t<path fill-rule=\"evenodd\" clip-rule=\"evenodd\" d=\"M.128.896V16.13c0 .211.145.383.323.383h15.354c.179 0 .323-.172.323-.383V.896c0-.212-.144-.383-.323-.383H.451C.273.513.128.684.128.896Zm16 6.742h-.901V4.679H1.009v10.729h14.218v-3.336h.901V7.638ZM1.01 1.614h14.218v2.058H1.009V1.614Z\" \/>\n\t<path d=\"M20.5 9.846H8.312M18.524 6.953l2.89 2.909-2.855 2.855\" stroke-width=\"1.2\" stroke-linecap=\"round\" stroke-linejoin=\"round\"\/>\n<\/svg>\n\t\t\t\t\t\t<button\n\t\t\t\t\t\t\tclass=\"tribe-events-c-subscribe-dropdown__button-text\"\n\t\t\t\t\t\t\taria-expanded=\"false\"\n\t\t\t\t\t\t\taria-controls=\"tribe-events-subscribe-dropdown-content\"\n\t\t\t\t\t\t\taria-label=\"Zeigen Sie Links an um Veranstaltungen zu Ihrem Kalender hinzuzuf\u00fcgen\"\n\t\t\t\t\t\t>\n\t\t\t\t\t\t\tZum Kalender hinzuf\u00fcgen\t\t\t\t\t\t<\/button>\n\t\t\t\t\t\t<svg\n\t class=\"tribe-common-c-svgicon tribe-common-c-svgicon--caret-down tribe-events-c-subscribe-dropdown__button-icon\" \taria-hidden=\"true\"\n\tviewBox=\"0 0 10 7\"\n\txmlns=\"http:\/\/www.w3.org\/2000\/svg\"\n>\n\t<path fill-rule=\"evenodd\" clip-rule=\"evenodd\" d=\"M1.008.609L5 4.6 8.992.61l.958.958L5 6.517.05 1.566l.958-.958z\" class=\"tribe-common-c-svgicon__svg-fill\"\/>\n<\/svg>\n\t\t\t\t\t<\/div>\n\t\t\t\t\t<div id=\"tribe-events-subscribe-dropdown-content\" class=\"tribe-events-c-subscribe-dropdown__content\">\n\t\t\t\t\t\t<ul class=\"tribe-events-c-subscribe-dropdown__list\">\n\t\t\t\t\t\t\t\t\t\t\t\t\t\t\t<li class=\"tribe-events-c-subscribe-dropdown__list-item tribe-events-c-subscribe-dropdown__list-item--gcal\">\n\t\t\t\t\t\t\t\t\t<a\n\t\t\t\t\t\t\t\t\t\thref=\"\"\n\t\t\t\t\t\t\t\t\t\tclass=\"tribe-events-c-subscribe-dropdown__list-item-link\"\n\t\t\t\t\t\t\t\t\t\ttarget=\"_blank\"\n\t\t\t\t\t\t\t\t\t\trel=\"noopener noreferrer nofollow noindex\"\n\t\t\t\t\t\t\t\t\t>\n\t\t\t\t\t\t\t\t\t\tGoogle Kalender\t\t\t\t\t\t\t\t\t<\/a>\n\t\t\t\t\t\t\t\t<\/li>\n\t\t\t\t\t\t\t\t\t\t\t\t\t\t\t<li class=\"tribe-events-c-subscribe-dropdown__list-item tribe-events-c-subscribe-dropdown__list-item--ical\">\n\t\t\t\t\t\t\t\t\t<a\n\t\t\t\t\t\t\t\t\t\thref=\"\"\n\t\t\t\t\t\t\t\t\t\tclass=\"tribe-events-c-subscribe-dropdown__list-item-link\"\n\t\t\t\t\t\t\t\t\t\ttarget=\"_blank\"\n\t\t\t\t\t\t\t\t\t\trel=\"noopener noreferrer nofollow noindex\"\n\t\t\t\t\t\t\t\t\t>\n\t\t\t\t\t\t\t\t\t\tiCalendar\t\t\t\t\t\t\t\t\t<\/a>\n\t\t\t\t\t\t\t\t<\/li>\n\t\t\t\t\t\t\t\t\t\t\t\t\t\t\t<li class=\"tribe-events-c-subscribe-dropdown__list-item tribe-events-c-subscribe-dropdown__list-item--outlook-365\">\n\t\t\t\t\t\t\t\t\t<a\n\t\t\t\t\t\t\t\t\t\thref=\"\"\n\t\t\t\t\t\t\t\t\t\tclass=\"tribe-events-c-subscribe-dropdown__list-item-link\"\n\t\t\t\t\t\t\t\t\t\ttarget=\"_blank\"\n\t\t\t\t\t\t\t\t\t\trel=\"noopener noreferrer nofollow noindex\"\n\t\t\t\t\t\t\t\t\t>\n\t\t\t\t\t\t\t\t\t\tOutlook 365\t\t\t\t\t\t\t\t\t<\/a>\n\t\t\t\t\t\t\t\t<\/li>\n\t\t\t\t\t\t\t\t\t\t\t\t\t\t\t<li class=\"tribe-events-c-subscribe-dropdown__list-item tribe-events-c-subscribe-dropdown__list-item--outlook-live\">\n\t\t\t\t\t\t\t\t\t<a\n\t\t\t\t\t\t\t\t\t\thref=\"\"\n\t\t\t\t\t\t\t\t\t\tclass=\"tribe-events-c-subscribe-dropdown__list-item-link\"\n\t\t\t\t\t\t\t\t\t\ttarget=\"_blank\"\n\t\t\t\t\t\t\t\t\t\trel=\"noopener noreferrer nofollow noindex\"\n\t\t\t\t\t\t\t\t\t>\n\t\t\t\t\t\t\t\t\t\tOutlook Live\t\t\t\t\t\t\t\t\t<\/a>\n\t\t\t\t\t\t\t\t<\/li>\n\t\t\t\t\t\t\t\t\t\t\t\t\t<\/ul>\n\t\t\t\t\t<\/div>\n\t\t\t\t<\/div>\n\t\t\t<\/div>\n\t\t<\/div>\n\t<\/div>","excerpt":"","slug":"75-jahre-ibc-ueber-den-see","image":{"url":"https:\/\/monika-rosenberger.de\/wp-content\/uploads\/2025\/03\/20250321_134240-scaled.jpg","id":1206,"extension":"jpg","width":1803,"height":2560,"filesize":529203,"sizes":{"medium":{"width":211,"height":300,"mime-type":"image\/jpeg","filesize":12333,"url":"https:\/\/monika-rosenberger.de\/wp-content\/uploads\/2025\/03\/20250321_134240-211x300.jpg"},"large":{"width":721,"height":1024,"mime-type":"image\/jpeg","filesize":112657,"url":"https:\/\/monika-rosenberger.de\/wp-content\/uploads\/2025\/03\/20250321_134240-721x1024.jpg"},"thumbnail":{"width":150,"height":150,"mime-type":"image\/jpeg","filesize":5069,"url":"https:\/\/monika-rosenberger.de\/wp-content\/uploads\/2025\/03\/20250321_134240-150x150.jpg"},"medium_large":{"width":768,"height":1091,"mime-type":"image\/jpeg","filesize":124991,"url":"https:\/\/monika-rosenberger.de\/wp-content\/uploads\/2025\/03\/20250321_134240-768x1091.jpg"},"1536x1536":{"width":1082,"height":1536,"mime-type":"image\/jpeg","filesize":224917,"url":"https:\/\/monika-rosenberger.de\/wp-content\/uploads\/2025\/03\/20250321_134240-1082x1536.jpg"},"2048x2048":{"width":1442,"height":2048,"mime-type":"image\/jpeg","filesize":367046,"url":"https:\/\/monika-rosenberger.de\/wp-content\/uploads\/2025\/03\/20250321_134240-1442x2048.jpg"},"twentyseventeen-featured-image":{"width":2000,"height":1200,"mime-type":"image\/jpeg","filesize":273863,"url":"https:\/\/monika-rosenberger.de\/wp-content\/uploads\/2025\/03\/20250321_134240-2000x1200.jpg"},"twentyseventeen-thumbnail-avatar":{"width":100,"height":100,"mime-type":"image\/jpeg","filesize":2756,"url":"https:\/\/monika-rosenberger.de\/wp-content\/uploads\/2025\/03\/20250321_134240-100x100.jpg"}},"original_image":"20250321_134240.jpg"},"all_day":false,"start_date":"2025-04-12 14:00:00","start_date_details":{"year":"2025","month":"04","day":"12","hour":"14","minutes":"00","seconds":"00"},"end_date":"2026-02-08 17:00:00","end_date_details":{"year":"2026","month":"02","day":"08","hour":"17","minutes":"00","seconds":"00"},"utc_start_date":"2025-04-12 12:00:00","utc_start_date_details":{"year":"2025","month":"04","day":"12","hour":"12","minutes":"00","seconds":"00"},"utc_end_date":"2026-02-08 16:00:00","utc_end_date_details":{"year":"2026","month":"02","day":"08","hour":"16","minutes":"00","seconds":"00"},"timezone":"Europe\/Berlin","timezone_abbr":"","cost":"","cost_details":{"currency_symbol":"\u20ac","currency_code":"USD","currency_position":"prefix","values":[]},"website":"https:\/\/monika-rosenberger.de\/?tribe_events=neue-arbeiten-im-faulen-pelz-2","show_map":false,"show_map_link":false,"hide_from_listings":false,"sticky":false,"featured":false,"categories":[],"tags":[],"venue":[],"organizer":[],"custom_fields":[],"json_ld":{"@context":"http:\/\/schema.org","@type":"Event","name":"75 Jahre IBC  &#8222;\u00dcBER DEN SEE&#8220;","description":"&lt;p&gt;Jubil\u00e4umsausstellung St\u00e4dtische Galerie Fauler Pelz \u00dcberlingen Die Jubil\u00e4umsausstellung &quot;\u00dcber den See&quot; pr\u00e4sentiert eine Auswahl zeitgen\u00f6ssischer k\u00fcnstlerischer Positionen aus der 3-L\u00e4nder-Region D,A,CH und w\u00fcrdigt 75 Jahre Internationaler Bodensee-Club e.V. Vernissage: Freitag, &hellip; &lt;\/p&gt;\\n&lt;p class=&quot;link-more&quot;&gt;&lt;a href=&quot;https:\/\/monika-rosenberger.de\/?tribe_events=75-jahre-ibc-ueber-den-see&quot; class=&quot;more-link&quot;&gt;&lt;span class=&quot;screen-reader-text&quot;&gt;\u201e75 Jahre IBC  &#8222;\u00dcBER DEN SEE&#8220;\u201c &lt;\/span&gt;weiterlesen&lt;\/a&gt;&lt;\/p&gt;\\n","image":"https:\/\/monika-rosenberger.de\/wp-content\/uploads\/2025\/03\/20250321_134240-scaled.jpg","url":"https:\/\/monika-rosenberger.de\/?tribe_events=75-jahre-ibc-ueber-den-see","eventAttendanceMode":"https:\/\/schema.org\/OfflineEventAttendanceMode","eventStatus":"https:\/\/schema.org\/EventScheduled","startDate":"2025-04-12T14:00:00+02:00","endDate":"2026-02-08T17:00:00+01:00","performer":"Organization"}}